{"id":5433,"date":"2026-03-05T10:22:09","date_gmt":"2026-03-05T09:22:09","guid":{"rendered":"https:\/\/cirzem.pl\/?p=5433"},"modified":"2026-03-09T08:25:26","modified_gmt":"2026-03-09T07:25:26","slug":"rzemioslo-w-blasku-jupiterow-relacja-z-xxxi-wielkiej-gali-w-katowicach-2","status":"publish","type":"post","link":"https:\/\/cirzem.pl\/index.php\/2026\/03\/05\/rzemioslo-w-blasku-jupiterow-relacja-z-xxxi-wielkiej-gali-w-katowicach-2\/","title":{"rendered":"Rzemios\u0142o w blasku jupiter\u00f3w: Relacja z XXXI Wielkiej Gali w Katowicach"},"content":{"rendered":"\n<figure class=\"wp-block-image size-full is-style-rounded\"><img loading=\"lazy\" decoding=\"async\" width=\"1554\" height=\"2048\" src=\"https:\/\/cirzem.pl\/wp-content\/uploads\/2026\/03\/FB_IMG_1772695886910.jpg\" alt=\"\" class=\"wp-image-5428\" srcset=\"https:\/\/cirzem.pl\/wp-content\/uploads\/2026\/03\/FB_IMG_1772695886910.jpg 1554w, https:\/\/cirzem.pl\/wp-content\/uploads\/2026\/03\/FB_IMG_1772695886910-228x300.jpg 228w, https:\/\/cirzem.pl\/wp-content\/uploads\/2026\/03\/FB_IMG_1772695886910-777x1024.jpg 777w, https:\/\/cirzem.pl\/wp-content\/uploads\/2026\/03\/FB_IMG_1772695886910-768x1012.jpg 768w, https:\/\/cirzem.pl\/wp-content\/uploads\/2026\/03\/FB_IMG_1772695886910-1166x1536.jpg 1166w, https:\/\/cirzem.pl\/wp-content\/uploads\/2026\/03\/FB_IMG_1772695886910-1457x1920.jpg 1457w\" sizes=\"auto, (max-width: 1554px) 100vw, 1554px\" \/><\/figure>\n\n\n\n<p>Poniedzia\u0142kowy wiecz\u00f3r, <strong>2 marca 2026 roku<\/strong>, nale\u017ca\u0142 do mistrz\u00f3w w swoim fachu. W murach ikony architektury \u2013 <strong>Narodowej Orkiestry Symfonicznej Polskiego Radia w Katowicach<\/strong> \u2013 odby\u0142o si\u0119 najwa\u017cniejsze \u015bwi\u0119to \u015bl\u0105skiej przedsi\u0119biorczo\u015bci: <strong>XXXI Wielka Gala Izby Rzemie\u015blniczej<\/strong>.<\/p>\n\n\n\n<p>Gospodarz wydarzenia, <strong>prof. Jan Klimek<\/strong>, otwieraj\u0105c gal\u0119, podkre\u015bli\u0142, \u017ce rzemios\u0142o to nie tylko zaw\u00f3d, ale przede wszystkim etos pracy i fundament polskiej gospodarki. Atmosfera w NOSPR, znanej z doskona\u0142ej akustyki, tym razem wype\u0142ni\u0142a si\u0119 nie tylko d\u017awi\u0119kami muzyki, ale przede wszystkim uznaniem dla trudu ludzkich r\u0105k.<\/p>\n\n\n\n<h3 class=\"wp-block-heading\"><strong>Najwa\u017cniejsze wyr\u00f3\u017cnienia wieczoru<\/strong><\/h3>\n\n\n\n<p><strong>Szabla im. Jana Kili\u0144skiego:<\/strong> To najwy\u017csze honorowe odznaczenie rzemie\u015blnicze trafi\u0142o w r\u0119ce trzech wybitnych postaci, kt\u00f3rych wk\u0142ad w rozw\u00f3j bran\u017cy jest nieoceniony.<\/p>\n\n\n\n<p><strong>Rzemie\u015blnik Roku \u2013 Herbert Suchanek:<\/strong> W\u0142a\u015bciciel zak\u0142adu masarskiego z Pyskowic odebra\u0142 to presti\u017cowe trofeum z r\u0105k zesz\u0142orocznego laureata, <strong>Bernarda Korzonka<\/strong> z Raciborza. To by\u0142 symboliczny moment przekazania pa\u0142eczki mi\u0119dzy mistrzami.<\/p>\n\n\n\n<p><strong>Firma Rodzinna \u2013 Zak\u0142ad Stolarski Studniczek z Zabe\u0142kowa:<\/strong> Nagroda ta trafi\u0142a do r\u0105k pana Waldemara Studniczka. To pi\u0119kny przyk\u0142ad firmy, gdzie zapach drewna i pasja do tworzenia s\u0105 dziedziczone od pokole\u0144, \u0142\u0105cz\u0105c szacunek do materia\u0142u z nowoczesn\u0105 technologi\u0105.<\/p>\n\n\n\n<p>Tego dnia Katowice sta\u0142y si\u0119 stolic\u0105 polskiej mikro i ma\u0142ej przedsi\u0119biorczo\u015bci. Kuluary NOSPR t\u0119tni\u0142y \u017cyciem \u2013 by\u0142 to czas na wymian\u0119 do\u015bwiadcze\u0144, rozmowy o przysz\u0142o\u015bci rzemios\u0142a w dobie AI oraz o tym, jak zachowa\u0107 unikalno\u015b\u0107 w masowym \u015bwiecie.<\/p>\n\n\n\n<p>Zwie\u0144czeniem wieczoru by\u0142 energetyczny koncert zespo\u0142u <strong>Zakopower<\/strong>. Sebastian Karpiel-Bu\u0142ecka wraz z zespo\u0142em porwa\u0142 publiczno\u015b\u0107, udowadniaj\u0105c \u2013 podobnie jak nagrodzeni rzemie\u015blnicy \u2013 \u017ce tradycja (w tym przypadku podhala\u0144ska) w nowoczesnym wydaniu smakuje najlepiej.<\/p>\n\n\n\n<p>Sk\u0142adamy serdeczne podzi\u0119kowania prof. Janowi Klimkowi oraz ca\u0142ej Izbie Rzemie\u015blniczej w Katowicach za zaproszenie na XXXI Wielk\u0105 Gal\u0119 \u2013 to by\u0142 zaszczyt m\u00f3c \u015bwi\u0119towa\u0107 sukcesy polskiego rzemios\u0142a w tak presti\u017cowym miejscu jak NOSPR<\/p>\n","protected":false},"excerpt":{"rendered":"<p>Poniedzia\u0142kowy wiecz\u00f3r, 2 marca 2026 roku, nale\u017ca\u0142 do mistrz\u00f3w w swoim fachu. W murach ikony architektury \u2013 Narodowej Orkiestry Symfonicznej Polskiego Radia w Katowicach \u2013 odby\u0142o si\u0119 najwa\u017cniejsze \u015bwi\u0119to \u015bl\u0105skiej przedsi\u0119biorczo\u015bci: XXXI Wielka Gala Izby Rzemie\u015blniczej. Gospodarz wydarzenia, prof. Jan Klimek, otwieraj\u0105c gal\u0119, podkre\u015bli\u0142, \u017ce rzemios\u0142o to nie tylko zaw\u00f3d, ale przede wszystkim etos pracy [&hellip;]<\/p>\n","protected":false},"author":2,"featured_media":5434,"comment_status":"closed","ping_status":"closed","sticky":false,"template":"","format":"standard","meta":{"footnotes":""},"categories":[1],"tags":[],"class_list":["post-5433","post","type-post","status-publish","format-standard","has-post-thumbnail","hentry","category-bez-kategorii"],"_links":{"self":[{"href":"https:\/\/cirzem.pl\/index.php\/wp-json\/wp\/v2\/posts\/5433","targetHints":{"allow":["GET"]}}],"collection":[{"href":"https:\/\/cirzem.pl\/index.php\/wp-json\/wp\/v2\/posts"}],"about":[{"href":"https:\/\/cirzem.pl\/index.php\/wp-json\/wp\/v2\/types\/post"}],"author":[{"embeddable":true,"href":"https:\/\/cirzem.pl\/index.php\/wp-json\/wp\/v2\/users\/2"}],"replies":[{"embeddable":true,"href":"https:\/\/cirzem.pl\/index.php\/wp-json\/wp\/v2\/comments?post=5433"}],"version-history":[{"count":1,"href":"https:\/\/cirzem.pl\/index.php\/wp-json\/wp\/v2\/posts\/5433\/revisions"}],"predecessor-version":[{"id":5435,"href":"https:\/\/cirzem.pl\/index.php\/wp-json\/wp\/v2\/posts\/5433\/revisions\/5435"}],"wp:featuredmedia":[{"embeddable":true,"href":"https:\/\/cirzem.pl\/index.php\/wp-json\/wp\/v2\/media\/5434"}],"wp:attachment":[{"href":"https:\/\/cirzem.pl\/index.php\/wp-json\/wp\/v2\/media?parent=5433"}],"wp:term":[{"taxonomy":"category","embeddable":true,"href":"https:\/\/cirzem.pl\/index.php\/wp-json\/wp\/v2\/categories?post=5433"},{"taxonomy":"post_tag","embeddable":true,"href":"https:\/\/cirzem.pl\/index.php\/wp-json\/wp\/v2\/tags?post=5433"}],"curies":[{"name":"wp","href":"https:\/\/api.w.org\/{rel}","templated":true}]}}