{"id":5349,"date":"2025-11-11T11:53:13","date_gmt":"2025-11-11T10:53:13","guid":{"rendered":"https:\/\/cirzem.pl\/?p=5349"},"modified":"2025-11-11T11:57:39","modified_gmt":"2025-11-11T10:57:39","slug":"wyniki-konkursu-wiedza-o-rzemiosle-edycja-2025","status":"publish","type":"post","link":"https:\/\/cirzem.pl\/index.php\/2025\/11\/11\/wyniki-konkursu-wiedza-o-rzemiosle-edycja-2025\/","title":{"rendered":"Wyniki konkursu \u201eWiedza o Rzemio\u015ble\u201d &#8211; edycja 2025"},"content":{"rendered":"\n<p>Za nami kolejna edycja konkursu \u201eWiedza o Rzemio\u015ble\u201d! W tegorocznej ods\u0142onie wzi\u0119\u0142o udzia\u0142 66 uczni\u00f3w z 10 r\u00f3\u017cnych szk\u00f3\u0142 podstawowych z Cz\u0119stochowy, kt\u00f3rzy w dniach 20 pa\u017adziernika  \u2013 3 listopada rozwi\u0105zywali testy g\u0142\u00f3wne w swoich szko\u0142ach. Dzi\u0119kujemy wszystkim uczestnikom za zaanga\u017cowanie i ch\u0119\u0107 poszerzania wiedzy o rzemio\u015ble, a szczeg\u00f3lne gratulacje kierujemy do laureat\u00f3w, kt\u00f3rzy osi\u0105gn\u0119li najwy\u017csze wyniki. Wyrazy uznania sk\u0142adamy r\u00f3wnie\u017c nauczycielom, kt\u00f3rzy z zaanga\u017cowaniem wspierali uczni\u00f3w i koordynowali przebieg konkursu na poziomie szkolnym.<\/p>\n\n\n\n<h5 class=\"wp-block-heading\"><strong>Lista zwyci\u0119zc\u00f3w:<\/strong><\/h5>\n\n\n\n<figure class=\"wp-block-table\"><table><thead><tr><th class=\"has-text-align-left\" data-align=\"left\"><strong>Miejsce<\/strong><\/th><th class=\"has-text-align-left\" data-align=\"left\"><strong>Uczestnik<\/strong><\/th><th class=\"has-text-align-left\" data-align=\"left\"><strong>Szko\u0142a<\/strong><\/th><th class=\"has-text-align-left\" data-align=\"left\"><strong>Ilo\u015b\u0107 punkt\u00f3w<\/strong><\/th><th class=\"has-text-align-left\" data-align=\"left\"><strong>Czas wype\u0142niania (s)<\/strong><\/th><\/tr><\/thead><tbody><tr><td class=\"has-text-align-left\" data-align=\"left\">1<\/td><td class=\"has-text-align-left\" data-align=\"left\">Natalia W\u0142odarczyk<\/td><td class=\"has-text-align-left\" data-align=\"left\">SZKO\u0141A PODSTAWOWA NR 19 IM. JULIANA TUWIMA &#8211; ul. Orla 4, 42-202 Cz\u0119stochowa<\/td><td class=\"has-text-align-left\" data-align=\"left\">330,25<\/td><td class=\"has-text-align-left\" data-align=\"left\">1800<\/td><\/tr><tr><td class=\"has-text-align-left\" data-align=\"left\">2<\/td><td class=\"has-text-align-left\" data-align=\"left\">Maria Dudek<\/td><td class=\"has-text-align-left\" data-align=\"left\">SZKO\u0141A PODSTAWOWA NR 46 IM. S.\u017bEROMSKIEGO &#8211; ul. Szamotowa 8, 42-280 Cz\u0119stochowa<\/td><td class=\"has-text-align-left\" data-align=\"left\">316,50<\/td><td class=\"has-text-align-left\" data-align=\"left\">1618<\/td><\/tr><tr><td class=\"has-text-align-left\" data-align=\"left\">3<\/td><td class=\"has-text-align-left\" data-align=\"left\">Filip Szczepanik<\/td><td class=\"has-text-align-left\" data-align=\"left\">SZKO\u0141A PODSTAWOWA NR 50 IM. GEN. W.SIKORSKIEGO &#8211; ul. Stefana Starzy\u0144skiego 10, 42-224 Cz\u0119stochowa<\/td><td class=\"has-text-align-left\" data-align=\"left\">280,25<\/td><td class=\"has-text-align-left\" data-align=\"left\">1771<\/td><\/tr><tr><td class=\"has-text-align-left\" data-align=\"left\">4<\/td><td class=\"has-text-align-left\" data-align=\"left\">Maksym Wtorkowski<\/td><td class=\"has-text-align-left\" data-align=\"left\">SZKO\u0141A PODSTAWOWA NR 13 IM. KORNELA MAKUSZY\u0143SKIEGO &#8211; ul. Wr\u0119czycka 111, 42-202 Cz\u0119stochowa<\/td><td class=\"has-text-align-left\" data-align=\"left\">249,00<\/td><td class=\"has-text-align-left\" data-align=\"left\">1794<\/td><\/tr><tr><td class=\"has-text-align-left\" data-align=\"left\">5<\/td><td class=\"has-text-align-left\" data-align=\"left\">Paulina Gadali\u0144ska<\/td><td class=\"has-text-align-left\" data-align=\"left\">SZKO\u0141A PODSTAWOWA NR 50 IM. GEN. W.SIKORSKIEGO &#8211; ul. Stefana Starzy\u0144skiego 10, 42-224 Cz\u0119stochowa<\/td><td class=\"has-text-align-left\" data-align=\"left\">224,00<\/td><td class=\"has-text-align-left\" data-align=\"left\">879<\/td><\/tr><tr><td class=\"has-text-align-left\" data-align=\"left\">6<\/td><td class=\"has-text-align-left\" data-align=\"left\">Maja Kiedrzyn<\/td><td class=\"has-text-align-left\" data-align=\"left\">SZKO\u0141A PODSTAWOWA NR 54 Z ODDZIA\u0141AMI INTEGRACYJNYMI &#8211; ul. Jerzego Kukuczki 30, 42-224 Cz\u0119stochowa<\/td><td class=\"has-text-align-left\" data-align=\"left\">222,75<\/td><td class=\"has-text-align-left\" data-align=\"left\">1797<\/td><\/tr><tr><td class=\"has-text-align-left\" data-align=\"left\">7<\/td><td class=\"has-text-align-left\" data-align=\"left\">Hanna Wodzis\u0142awska<\/td><td class=\"has-text-align-left\" data-align=\"left\">SZKO\u0141A PODSTAWOWA NR 38 IM. L. ZAMENHOFA &#8211; ul. gen. W\u0142adys\u0142awa Sikorskiego 56, 42-202 Cz\u0119stochowa<\/td><td class=\"has-text-align-left\" data-align=\"left\">202,75<\/td><td class=\"has-text-align-left\" data-align=\"left\">973<\/td><\/tr><tr><td class=\"has-text-align-left\" data-align=\"left\">8<\/td><td class=\"has-text-align-left\" data-align=\"left\">Matylda Manecka<\/td><td class=\"has-text-align-left\" data-align=\"left\">SZKO\u0141A PODSTAWOWA NR 50 IM. GEN. W.SIKORSKIEGO &#8211; ul. Stefana Starzy\u0144skiego 10, 42-224 Cz\u0119stochowa<\/td><td class=\"has-text-align-left\" data-align=\"left\">197,75<\/td><td class=\"has-text-align-left\" data-align=\"left\">1585<\/td><\/tr><tr><td class=\"has-text-align-left\" data-align=\"left\">9<\/td><td class=\"has-text-align-left\" data-align=\"left\">Bartosz Kubik<\/td><td class=\"has-text-align-left\" data-align=\"left\">SZKO\u0141A PODSTAWOWA NR 2 IM. KRZYSZTOFA KAMILA BACZY\u0143SKIEGO &#8211; ul. Krzysztofa Kamila Baczy\u0144skiego 2a, 42-224 Cz\u0119stochowa<\/td><td class=\"has-text-align-left\" data-align=\"left\">195,25<\/td><td class=\"has-text-align-left\" data-align=\"left\">1643<\/td><\/tr><tr><td class=\"has-text-align-left\" data-align=\"left\">10<\/td><td class=\"has-text-align-left\" data-align=\"left\">Martyna Budzisz<\/td><td class=\"has-text-align-left\" data-align=\"left\">SZKO\u0141A PODSTAWOWA NR 19 IM. JULIANA TUWIMA &#8211; ul. Orla 4, 42-202 Cz\u0119stochowa<\/td><td class=\"has-text-align-left\" data-align=\"left\">192,75<\/td><td class=\"has-text-align-left\" data-align=\"left\">1650<\/td><\/tr><\/tbody><\/table><\/figure>\n\n\n\n<p>Wr\u0119czenie nagr\u00f3d odb\u0119dzie si\u0119 dnia 21 listopada 2025 roku o godzinie 12:00 pod adresem Ko\u015bciuszki 6 \/ 7, 42-200 Cz\u0119stochowa. Podsumowanie konkursu oraz wr\u0119czenie nagr\u00f3d odb\u0119dzie si\u0119 w siedzibie Izby.<\/p>\n\n\n\n<p>Laureaci s\u0105 proszeni o zabranie ze sob\u0105 legitymacji uczniowskiej w celu potwierdzenia to\u017csamo\u015bci przy odbiorze nagr\u00f3d.<\/p>\n\n\n\n<h5 class=\"wp-block-heading\"><strong>Za\u0142\u0105czniki do pobrania:<\/strong><\/h5>\n\n\n\n<ul class=\"wp-block-list\">\n<li><a href=\"https:\/\/cirzem.pl\/wp-content\/uploads\/2025\/11\/zwyciezcy.pdf\">Lista zwyci\u0119zc\u00f3w konkursu<\/a><\/li>\n\n\n\n<li><a href=\"https:\/\/cirzem.pl\/wp-content\/uploads\/2025\/11\/wyniki.pdf\">Lista uczestnik\u00f3w kt\u00f3rzy przyst\u0105pili do testu konkursowego<\/a><\/li>\n<\/ul>\n\n\n\n<hr class=\"wp-block-separator has-alpha-channel-opacity is-style-wide\"\/>\n\n\n\n<p>Projekt sfinansowany ze \u015brodk\u00f3w Rz\u0105dowego Programu \u201ePolski Inkubator Rzemios\u0142a&#8221; na lata 2021-2030 edycja 2024\/2025<\/p>\n\n\n\n<figure class=\"wp-block-image size-full\"><img loading=\"lazy\" decoding=\"async\" width=\"3921\" height=\"858\" src=\"https:\/\/cirzem.pl\/wp-content\/uploads\/2024\/11\/banner-2.png\" alt=\"\" class=\"wp-image-4957\" srcset=\"https:\/\/cirzem.pl\/wp-content\/uploads\/2024\/11\/banner-2.png 3921w, https:\/\/cirzem.pl\/wp-content\/uploads\/2024\/11\/banner-2-300x66.png 300w, https:\/\/cirzem.pl\/wp-content\/uploads\/2024\/11\/banner-2-1024x224.png 1024w, https:\/\/cirzem.pl\/wp-content\/uploads\/2024\/11\/banner-2-768x168.png 768w, https:\/\/cirzem.pl\/wp-content\/uploads\/2024\/11\/banner-2-1536x336.png 1536w, https:\/\/cirzem.pl\/wp-content\/uploads\/2024\/11\/banner-2-1920x420.png 1920w\" sizes=\"auto, (max-width: 3921px) 100vw, 3921px\" \/><\/figure>\n","protected":false},"excerpt":{"rendered":"<p>Za nami kolejna edycja konkursu \u201eWiedza o Rzemio\u015ble\u201d! W tegorocznej ods\u0142onie wzi\u0119\u0142o udzia\u0142 66 uczni\u00f3w z 10 r\u00f3\u017cnych szk\u00f3\u0142 podstawowych z Cz\u0119stochowy, kt\u00f3rzy w dniach 20 pa\u017adziernika \u2013 3 listopada rozwi\u0105zywali testy g\u0142\u00f3wne w swoich szko\u0142ach. Dzi\u0119kujemy wszystkim uczestnikom za zaanga\u017cowanie i ch\u0119\u0107 poszerzania wiedzy o rzemio\u015ble, a szczeg\u00f3lne gratulacje kierujemy do laureat\u00f3w, kt\u00f3rzy osi\u0105gn\u0119li [&hellip;]<\/p>\n","protected":false},"author":2,"featured_media":5351,"comment_status":"closed","ping_status":"closed","sticky":false,"template":"","format":"standard","meta":{"footnotes":""},"categories":[2],"tags":[],"class_list":["post-5349","post","type-post","status-publish","format-standard","has-post-thumbnail","hentry","category-aktuanlosci"],"_links":{"self":[{"href":"https:\/\/cirzem.pl\/index.php\/wp-json\/wp\/v2\/posts\/5349","targetHints":{"allow":["GET"]}}],"collection":[{"href":"https:\/\/cirzem.pl\/index.php\/wp-json\/wp\/v2\/posts"}],"about":[{"href":"https:\/\/cirzem.pl\/index.php\/wp-json\/wp\/v2\/types\/post"}],"author":[{"embeddable":true,"href":"https:\/\/cirzem.pl\/index.php\/wp-json\/wp\/v2\/users\/2"}],"replies":[{"embeddable":true,"href":"https:\/\/cirzem.pl\/index.php\/wp-json\/wp\/v2\/comments?post=5349"}],"version-history":[{"count":5,"href":"https:\/\/cirzem.pl\/index.php\/wp-json\/wp\/v2\/posts\/5349\/revisions"}],"predecessor-version":[{"id":5357,"href":"https:\/\/cirzem.pl\/index.php\/wp-json\/wp\/v2\/posts\/5349\/revisions\/5357"}],"wp:featuredmedia":[{"embeddable":true,"href":"https:\/\/cirzem.pl\/index.php\/wp-json\/wp\/v2\/media\/5351"}],"wp:attachment":[{"href":"https:\/\/cirzem.pl\/index.php\/wp-json\/wp\/v2\/media?parent=5349"}],"wp:term":[{"taxonomy":"category","embeddable":true,"href":"https:\/\/cirzem.pl\/index.php\/wp-json\/wp\/v2\/categories?post=5349"},{"taxonomy":"post_tag","embeddable":true,"href":"https:\/\/cirzem.pl\/index.php\/wp-json\/wp\/v2\/tags?post=5349"}],"curies":[{"name":"wp","href":"https:\/\/api.w.org\/{rel}","templated":true}]}}