{"id":4677,"date":"2023-05-30T14:54:35","date_gmt":"2023-05-30T12:54:35","guid":{"rendered":"https:\/\/cirzem.pl\/?p=4677"},"modified":"2023-05-30T14:55:01","modified_gmt":"2023-05-30T12:55:01","slug":"konferencja-miejska-strefa-aktywnosci-zawodowej-z-udzialem-adama-abramowicza-rzecznika-malych-i-srednich-przedsiebiorcow","status":"publish","type":"post","link":"https:\/\/cirzem.pl\/index.php\/2023\/05\/30\/konferencja-miejska-strefa-aktywnosci-zawodowej-z-udzialem-adama-abramowicza-rzecznika-malych-i-srednich-przedsiebiorcow\/","title":{"rendered":"Konferencja &#8222;Miejska strefa aktywno\u015bci zawodowej&#8221; z udzia\u0142em Adama Abramowicza &#8211; rzecznika ma\u0142ych i \u015brednich przedsi\u0119biorc\u00f3w."},"content":{"rendered":"\n<figure class=\"wp-block-image size-large\"><img loading=\"lazy\" decoding=\"async\" width=\"732\" height=\"1024\" src=\"https:\/\/cirzem.pl\/wp-content\/uploads\/2023\/05\/Zdjecie1-2-732x1024.png\" alt=\"\" class=\"wp-image-4678\" srcset=\"https:\/\/cirzem.pl\/wp-content\/uploads\/2023\/05\/Zdjecie1-2-732x1024.png 732w, https:\/\/cirzem.pl\/wp-content\/uploads\/2023\/05\/Zdjecie1-2-214x300.png 214w, https:\/\/cirzem.pl\/wp-content\/uploads\/2023\/05\/Zdjecie1-2-768x1075.png 768w, https:\/\/cirzem.pl\/wp-content\/uploads\/2023\/05\/Zdjecie1-2-1097x1536.png 1097w, https:\/\/cirzem.pl\/wp-content\/uploads\/2023\/05\/Zdjecie1-2-1372x1920.png 1372w, https:\/\/cirzem.pl\/wp-content\/uploads\/2023\/05\/Zdjecie1-2.png 1429w\" sizes=\"auto, (max-width: 732px) 100vw, 732px\" \/><\/figure>\n","protected":false},"excerpt":{"rendered":"","protected":false},"author":2,"featured_media":0,"comment_status":"closed","ping_status":"closed","sticky":false,"template":"","format":"standard","meta":{"footnotes":""},"categories":[2],"tags":[],"class_list":["post-4677","post","type-post","status-publish","format-standard","hentry","category-aktuanlosci"],"_links":{"self":[{"href":"https:\/\/cirzem.pl\/index.php\/wp-json\/wp\/v2\/posts\/4677","targetHints":{"allow":["GET"]}}],"collection":[{"href":"https:\/\/cirzem.pl\/index.php\/wp-json\/wp\/v2\/posts"}],"about":[{"href":"https:\/\/cirzem.pl\/index.php\/wp-json\/wp\/v2\/types\/post"}],"author":[{"embeddable":true,"href":"https:\/\/cirzem.pl\/index.php\/wp-json\/wp\/v2\/users\/2"}],"replies":[{"embeddable":true,"href":"https:\/\/cirzem.pl\/index.php\/wp-json\/wp\/v2\/comments?post=4677"}],"version-history":[{"count":1,"href":"https:\/\/cirzem.pl\/index.php\/wp-json\/wp\/v2\/posts\/4677\/revisions"}],"predecessor-version":[{"id":4679,"href":"https:\/\/cirzem.pl\/index.php\/wp-json\/wp\/v2\/posts\/4677\/revisions\/4679"}],"wp:attachment":[{"href":"https:\/\/cirzem.pl\/index.php\/wp-json\/wp\/v2\/media?parent=4677"}],"wp:term":[{"taxonomy":"category","embeddable":true,"href":"https:\/\/cirzem.pl\/index.php\/wp-json\/wp\/v2\/categories?post=4677"},{"taxonomy":"post_tag","embeddable":true,"href":"https:\/\/cirzem.pl\/index.php\/wp-json\/wp\/v2\/tags?post=4677"}],"curies":[{"name":"wp","href":"https:\/\/api.w.org\/{rel}","templated":true}]}}