{"id":4272,"date":"2021-10-04T09:13:31","date_gmt":"2021-10-04T07:13:31","guid":{"rendered":"https:\/\/cirzem.pl\/?p=4272"},"modified":"2021-10-04T09:13:32","modified_gmt":"2021-10-04T07:13:32","slug":"posiedzenie-sejmowej-podkomisji-stalej-do-monitorowania-wykorzystania-srodkow-unijnych","status":"publish","type":"post","link":"https:\/\/cirzem.pl\/index.php\/2021\/10\/04\/posiedzenie-sejmowej-podkomisji-stalej-do-monitorowania-wykorzystania-srodkow-unijnych\/","title":{"rendered":"Posiedzenie sejmowej Podkomisji sta\u0142ej do monitorowania wykorzystania \u015brodk\u00f3w unijnych"},"content":{"rendered":"\n<p>30 wrze\u015bnia 2021 r. w\u00a0gmachu Sejmu RP mia\u0142o miejsce posiedzenie Podkomisji sta\u0142ej do monitorowania\u00a0 do monitorowania\u00a0 wykorzystania \u015brodk\u00f3w unijnych dzia\u0142aj\u0105cej w ramach Komisji Finans\u00f3w Publicznych . W posiedzeniu wzi\u0119li udzia\u0142 obok parlamentarzyst\u00f3w przedstawiciele Ministerstwa Funduszy i Polityki Regionalnej oraz eksperci organizacji partner\u00f3w spo\u0142ecznych ( w tym Zwi\u0105zku Rzemios\u0142a Polskiego) i organizacji pozarz\u0105dowych. Podczas posiedzenia om\u00f3wiono proces przygotowania ustawy o zasadach realizacji zada\u0144 finansowanych ze \u015brodk\u00f3w europejskich w perspektywie finansowej 2021-2027 ( tzw. ustawa wdro\u017ceniowa). Przedstawiciele Ministerstw Funduszy i Polityki Regionalnej poinformowali o\u00a0 zaawansowaniu prac nad projektem ustawy i przewidywanym harmonogramem dalszych dzia\u0142a\u0144 w tym zakresie, wyja\u015bniaj\u0105c m.in. , \u017ce skr\u00f3cenie terminu konsultacji spo\u0142ecznych do 14 dni uwarunkowane by\u0142o przede wszystkim konieczno\u015bci\u0105 mo\u017cliwie szybkiego uruchomienia Krajowego Planu Odbudowy. Przedstawiciele partner\u00f3w spo\u0142ecznych i spo\u0142ecze\u0144stwa obywatelskiego przedstawili swoje najwa\u017cniejsze uwagi do tego dokumentu, zgodnie stwierdzaj\u0105c, \u017ce skr\u00f3cenie terminu konsultacji w kontek\u015bcie przed\u0142u\u017caj\u0105cych si\u0119 negocjacji KPO z Komisj\u0105 Europejsk\u0105 nie ma absolutnie \u017cadnego uzasadnienia. Poza tym ich zdaniem tak bardzo wa\u017cny dokument powinien by\u0107 skonsultowany ze wszystkimi podmiotami zaanga\u017cowanymi w proces wdra\u017cania funduszy strukturalnych w Polsce. Ekspert ZRP poinformowa\u0142, \u017ce Zesp\u00f3\u0142 Rady Dialogu Spo\u0142ecznego ds. Funduszy Europejskich wyst\u0105pi\u0142 z wnioskiem do Ministra Finans\u00f3w, Funduszy i Polityki Regionalnej o zachowanie 30-dniowego terminu konsultacji spo\u0142ecznych zgodnie z ustaw\u0105 o RDS a partnerzy spo\u0142eczni zaprezentuj\u0105 swoje stanowisko w tej sprawie 15.10 br podczas najbli\u017cszego posiedzenia tego zespo\u0142u.<\/p>\n","protected":false},"excerpt":{"rendered":"<p>30 wrze\u015bnia 2021 r. w\u00a0gmachu Sejmu RP mia\u0142o miejsce posiedzenie Podkomisji sta\u0142ej do monitorowania\u00a0 do monitorowania\u00a0 wykorzystania \u015brodk\u00f3w unijnych dzia\u0142aj\u0105cej w ramach Komisji Finans\u00f3w Publicznych . W posiedzeniu wzi\u0119li udzia\u0142 obok parlamentarzyst\u00f3w przedstawiciele Ministerstwa Funduszy i Polityki Regionalnej oraz eksperci organizacji partner\u00f3w spo\u0142ecznych ( w tym Zwi\u0105zku Rzemios\u0142a Polskiego) i organizacji pozarz\u0105dowych. Podczas posiedzenia om\u00f3wiono [&hellip;]<\/p>\n","protected":false},"author":3,"featured_media":0,"comment_status":"closed","ping_status":"closed","sticky":false,"template":"","format":"standard","meta":{"footnotes":""},"categories":[2],"tags":[],"class_list":["post-4272","post","type-post","status-publish","format-standard","hentry","category-aktuanlosci"],"_links":{"self":[{"href":"https:\/\/cirzem.pl\/index.php\/wp-json\/wp\/v2\/posts\/4272","targetHints":{"allow":["GET"]}}],"collection":[{"href":"https:\/\/cirzem.pl\/index.php\/wp-json\/wp\/v2\/posts"}],"about":[{"href":"https:\/\/cirzem.pl\/index.php\/wp-json\/wp\/v2\/types\/post"}],"author":[{"embeddable":true,"href":"https:\/\/cirzem.pl\/index.php\/wp-json\/wp\/v2\/users\/3"}],"replies":[{"embeddable":true,"href":"https:\/\/cirzem.pl\/index.php\/wp-json\/wp\/v2\/comments?post=4272"}],"version-history":[{"count":1,"href":"https:\/\/cirzem.pl\/index.php\/wp-json\/wp\/v2\/posts\/4272\/revisions"}],"predecessor-version":[{"id":4273,"href":"https:\/\/cirzem.pl\/index.php\/wp-json\/wp\/v2\/posts\/4272\/revisions\/4273"}],"wp:attachment":[{"href":"https:\/\/cirzem.pl\/index.php\/wp-json\/wp\/v2\/media?parent=4272"}],"wp:term":[{"taxonomy":"category","embeddable":true,"href":"https:\/\/cirzem.pl\/index.php\/wp-json\/wp\/v2\/categories?post=4272"},{"taxonomy":"post_tag","embeddable":true,"href":"https:\/\/cirzem.pl\/index.php\/wp-json\/wp\/v2\/tags?post=4272"}],"curies":[{"name":"wp","href":"https:\/\/api.w.org\/{rel}","templated":true}]}}